{"id":644,"date":"2018-11-16T10:17:52","date_gmt":"2018-11-16T16:17:52","guid":{"rendered":"http:\/\/totalphysio.mx\/blog\/?p=644"},"modified":"2018-11-16T10:19:54","modified_gmt":"2018-11-16T16:19:54","slug":"que-es-la-escoliosis","status":"publish","type":"post","link":"http:\/\/totalphysio.mx\/blog\/2018\/11\/16\/que-es-la-escoliosis\/","title":{"rendered":"\u00bfQu\u00e9 es la escoliosis?"},"content":{"rendered":"<p style=\"text-align: justify;\"><span style=\"font-weight: 400;\">Es la curvatura lateral de la columna vertebral que est\u00e1 asociada a la rotaci\u00f3n de los cuerpos vertebrales.<\/span><\/p>\n<figure id=\"attachment_649\" aria-describedby=\"caption-attachment-649\" style=\"width: 200px\" class=\"wp-caption alignnone\"><img loading=\"lazy\" class=\"size-medium wp-image-649\" src=\"http:\/\/totalphysio.miphysio.mx\/blog\/wp-content\/uploads\/2018\/11\/Depositphotos_61193237_original-1-1-200x300.jpg\" alt=\"\" width=\"200\" height=\"300\" srcset=\"http:\/\/totalphysio.mx\/blog\/wp-content\/uploads\/2018\/11\/Depositphotos_61193237_original-1-1-200x300.jpg 200w, http:\/\/totalphysio.mx\/blog\/wp-content\/uploads\/2018\/11\/Depositphotos_61193237_original-1-1-768x1152.jpg 768w, http:\/\/totalphysio.mx\/blog\/wp-content\/uploads\/2018\/11\/Depositphotos_61193237_original-1-1-683x1024.jpg 683w\" sizes=\"(max-width: 200px) 100vw, 200px\" \/><figcaption id=\"caption-attachment-649\" class=\"wp-caption-text\">&#8220;Scoliosis&#8221; film x-ray lumbar spine AP : show spine bend in old aged patient<\/figcaption><\/figure>\n<p><b>\u00bfCu\u00e1les son las causas? <\/b><\/p>\n<ul>\n<li style=\"font-weight: 400; text-align: justify;\"><span style=\"font-weight: 400;\">Idiop\u00e1tica. sin causa aparente<\/span><\/li>\n<li style=\"font-weight: 400; text-align: justify;\"><span style=\"font-weight: 400;\">Secundaria: La escoliosis puede ser causada por patolog\u00eda neuromuscular, enfermedades cong\u00e9nitas y enfermedades sist\u00e9micas.<\/span><\/li>\n<\/ul>\n<p><i><span style=\"font-weight: 400;\">Seg\u00fan la edad de aparici\u00f3n<\/span><\/i><span style=\"font-weight: 400;\">:<\/span><\/p>\n<ul>\n<li style=\"font-weight: 400; text-align: justify;\"><span style=\"font-weight: 400;\">Infantil: escoliosis que aparece antes de los 3 a\u00f1os de edad <\/span><\/li>\n<li style=\"font-weight: 400; text-align: justify;\"><span style=\"font-weight: 400;\">Juvenil: entre los 4 y 9 a\u00f1os de edad <\/span><\/li>\n<li style=\"font-weight: 400; text-align: justify;\"><span style=\"font-weight: 400;\">Del adolescente: entre los 10 a\u00f1os y la madurez esquel\u00e9tica. Es la m\u00e1s frecuente.<\/span><\/li>\n<\/ul>\n<p><img loading=\"lazy\" class=\"alignnone size-medium wp-image-651\" src=\"http:\/\/totalphysio.miphysio.mx\/blog\/wp-content\/uploads\/2018\/11\/Depositphotos_46236205_original-1-199x300.jpg\" alt=\"\" width=\"199\" height=\"300\" srcset=\"http:\/\/totalphysio.mx\/blog\/wp-content\/uploads\/2018\/11\/Depositphotos_46236205_original-1-199x300.jpg 199w, http:\/\/totalphysio.mx\/blog\/wp-content\/uploads\/2018\/11\/Depositphotos_46236205_original-1-768x1156.jpg 768w, http:\/\/totalphysio.mx\/blog\/wp-content\/uploads\/2018\/11\/Depositphotos_46236205_original-1-680x1024.jpg 680w\" sizes=\"(max-width: 199px) 100vw, 199px\" \/><\/p>\n<p><b>\u00bfCu\u00e1les son los signos?<\/b><\/p>\n<ul>\n<li><b><span style=\"font-weight: 400;\">Un hombro est\u00e1 m\u00e1s elevado que el otro<\/span><\/b><\/li>\n<li><span style=\"font-weight: 400;\">La esc\u00e1pula de un lado sobresale m\u00e1s que del otro lado<\/span><\/li>\n<li><span style=\"font-weight: 400;\">Cintura desigual.<\/span><\/li>\n<\/ul>\n<p><b>\u00bfC\u00f3mo se detecta?<\/b><\/p>\n<ul>\n<li style=\"font-weight: 400; text-align: justify;\"><span style=\"font-weight: 400;\">Por medio de una exploraci\u00f3n f\u00edsica en la cual se hace uso de la t\u00e9cnica de Adamas para saber hacia donde es la curvatura.<\/span><\/li>\n<\/ul>\n<p><span style=\"font-weight: 400;\">Se puede encontrar:<\/span><\/p>\n<ul>\n<li style=\"font-weight: 400;\"><span style=\"font-weight: 400;\">Debilidad muscular<\/span><\/li>\n<li style=\"font-weight: 400;\"><span style=\"font-weight: 400;\">Entumecimiento<\/span><\/li>\n<li style=\"font-weight: 400;\"><span style=\"font-weight: 400;\">Reflejos anormales<\/span><\/li>\n<\/ul>\n<p><b>\u00bfC\u00faal es su tratamiento?<\/b><\/p>\n<ul>\n<li style=\"font-weight: 400; text-align: justify;\"><span style=\"font-weight: 400;\">Si la curvatura es de 10\u00b0 se utiliza <span style=\"color: #339966;\"><strong><a style=\"color: #339966;\" href=\"http:\/\/totalphysio.miphysio.mx\" target=\"_blank\" rel=\"noopener\">fisioterapia<\/a><\/strong><\/span>, como ejercicios de estiramiento y fortalecimiento de m\u00fasculos de la columna.<\/span><\/li>\n<li style=\"font-weight: 400; text-align: justify;\"><span style=\"font-weight: 400;\">Si la curvatura es \u00a0menor a 50\u00b0 se utiliza <strong><a href=\"http:\/\/totalphysio.miphysio.mx\" target=\"_blank\" rel=\"noopener\"><span style=\"color: #339966;\">fisioterapia<\/span><\/a><\/strong> y corset (siempre y cuando haya terminado el crecimiento del paciente, en el caso de los ni\u00f1os).<\/span><\/li>\n<li style=\"font-weight: 400; text-align: justify;\"><span style=\"font-weight: 400;\">Mayor de 50\u00b0 se recomienda cirug\u00eda.<\/span><\/li>\n<\/ul>\n<p>Si sufres de \u00e9ste padecimiento no dudes en ponerte en contacto con nosotros:<\/p>\n<p>?<a href=\"mailto:contacto@totalphysio.mx\" target=\"_blank\" rel=\"noopener\">contacto@totalphysio.mx<\/a><\/p>\n<p style=\"text-align: justify;\">Estamos ubicados en: Laguna San Crist\u00f3bal 241, entre las calles de Laguna de Guzm\u00e1n y Cacamatzin a 2 cuadras de metro normal.\u00a0An\u00e1huac 2 Secc. C.P. 11320 Ciudad de M\u00e9xico, CDMX<\/p>\n<p>?55-7589-8447<\/p>\n<p>\u23f1Lun &#8211; Vier de 9:00 a 19:00 | S\u00e1b. de 9:00 a 15:00<\/p>\n","protected":false},"excerpt":{"rendered":"<p>Es la curvatura lateral de la columna vertebral que est\u00e1 asociada a la rotaci\u00f3n de los cuerpos vertebrales. \u00bfCu\u00e1les son las causas? Idiop\u00e1tica. sin causa aparente Secundaria: La escoliosis puede ser causada por patolog\u00eda neuromuscular, enfermedades cong\u00e9nitas y enfermedades sist\u00e9micas. Seg\u00fan la edad de aparici\u00f3n: Infantil: escoliosis que aparece antes de los 3 a\u00f1os de &hellip; <a href=\"http:\/\/totalphysio.mx\/blog\/2018\/11\/16\/que-es-la-escoliosis\/\" class=\"more-link\">Contin\u00faa leyendo <span class=\"screen-reader-text\">\u00bfQu\u00e9 es la escoliosis?<\/span><\/a><\/p>\n","protected":false},"author":1,"featured_media":648,"comment_status":"open","ping_status":"open","sticky":false,"template":"","format":"standard","meta":{"spay_email":"","jetpack_publicize_message":"","jetpack_is_tweetstorm":false},"categories":[3],"tags":[163,11,103,161,5,127,121,109,164,162],"jetpack_featured_media_url":"http:\/\/totalphysio.mx\/blog\/wp-content\/uploads\/2018\/11\/Copia-de-FREEMIUM-4.jpg","jetpack_publicize_connections":[],"jetpack_sharing_enabled":true,"_links":{"self":[{"href":"http:\/\/totalphysio.mx\/blog\/wp-json\/wp\/v2\/posts\/644"}],"collection":[{"href":"http:\/\/totalphysio.mx\/blog\/wp-json\/wp\/v2\/posts"}],"about":[{"href":"http:\/\/totalphysio.mx\/blog\/wp-json\/wp\/v2\/types\/post"}],"author":[{"embeddable":true,"href":"http:\/\/totalphysio.mx\/blog\/wp-json\/wp\/v2\/users\/1"}],"replies":[{"embeddable":true,"href":"http:\/\/totalphysio.mx\/blog\/wp-json\/wp\/v2\/comments?post=644"}],"version-history":[{"count":8,"href":"http:\/\/totalphysio.mx\/blog\/wp-json\/wp\/v2\/posts\/644\/revisions"}],"predecessor-version":[{"id":656,"href":"http:\/\/totalphysio.mx\/blog\/wp-json\/wp\/v2\/posts\/644\/revisions\/656"}],"wp:featuredmedia":[{"embeddable":true,"href":"http:\/\/totalphysio.mx\/blog\/wp-json\/wp\/v2\/media\/648"}],"wp:attachment":[{"href":"http:\/\/totalphysio.mx\/blog\/wp-json\/wp\/v2\/media?parent=644"}],"wp:term":[{"taxonomy":"category","embeddable":true,"href":"http:\/\/totalphysio.mx\/blog\/wp-json\/wp\/v2\/categories?post=644"},{"taxonomy":"post_tag","embeddable":true,"href":"http:\/\/totalphysio.mx\/blog\/wp-json\/wp\/v2\/tags?post=644"}],"curies":[{"name":"wp","href":"https:\/\/api.w.org\/{rel}","templated":true}]}}