{"id":1821,"date":"2020-03-27T08:46:10","date_gmt":"2020-03-27T14:46:10","guid":{"rendered":"http:\/\/totalphysio.mx\/blog\/?p=1821"},"modified":"2020-03-27T08:46:14","modified_gmt":"2020-03-27T14:46:14","slug":"que-es-un-evc-o-evento-cerebro-vascular","status":"publish","type":"post","link":"http:\/\/totalphysio.mx\/blog\/2020\/03\/27\/que-es-un-evc-o-evento-cerebro-vascular\/","title":{"rendered":"\u00bfQu\u00e9 es un EVC o Evento Cerebro Vascular?"},"content":{"rendered":"\n<p>Es una alteraci\u00f3n <a href=\"http:\/\/totalphysio.miphysio.mx\/servicios\/fisioterapia#terapias-neurologicas\" target=\"_blank\" rel=\"noreferrer noopener\" aria-label=\"Neurol\u00f3gica (opens in a new tab)\">Neurol\u00f3gica<\/a> que no permite el paso de sangre al cerebro que se acompa\u00f1a con alteraciones cerebrales, teniendo secuelas a nivel motor.<\/p>\n\n\n\n<p><strong><em>Existen 3 tipos de EVC:<\/em><\/strong><\/p>\n\n\n\n<ul><li><strong>Tromb\u00f3tico: <\/strong>En este tipo de EVC el flujo de sangre de una arteria cerebral es bloqueada debido a un co\u00e1gulo que se forma dentro de la arteria.<\/li><\/ul>\n\n\n\n<ul><li><strong>Emb\u00f3lico: <\/strong>Este tipo se da cuando el co\u00e1gulo se forma en otra parte que no es el cerebro.<\/li><\/ul>\n\n\n\n<ul><li><strong>Hemorr\u00e1gico:<\/strong> Es un tipo de EVC en el cual el vaso sangu\u00edneo se rompe en el cerebro.<\/li><\/ul>\n\n\n\n<div class=\"wp-block-jetpack-tiled-gallery aligncenter is-style-rectangular\"><div class=\"tiled-gallery__gallery\"><div class=\"tiled-gallery__row\"><div class=\"tiled-gallery__col\"><figure class=\"tiled-gallery__item\"><img srcset=\"https:\/\/i1.wp.com\/totalphysio.mx\/blog\/wp-content\/uploads\/2020\/03\/461456-PFLYT5-68-scaled.jpg?strip=info&#038;w=600 600w,https:\/\/i1.wp.com\/totalphysio.mx\/blog\/wp-content\/uploads\/2020\/03\/461456-PFLYT5-68-scaled.jpg?strip=info&#038;w=900 900w,https:\/\/i1.wp.com\/totalphysio.mx\/blog\/wp-content\/uploads\/2020\/03\/461456-PFLYT5-68-scaled.jpg?strip=info&#038;w=1200 1200w,https:\/\/i1.wp.com\/totalphysio.mx\/blog\/wp-content\/uploads\/2020\/03\/461456-PFLYT5-68-scaled.jpg?strip=info&#038;w=1500 1500w,https:\/\/i1.wp.com\/totalphysio.mx\/blog\/wp-content\/uploads\/2020\/03\/461456-PFLYT5-68-scaled.jpg?strip=info&#038;w=1707 1707w\" alt=\"\" data-height=\"1707\" data-id=\"1837\" data-link=\"http:\/\/totalphysio.miphysio.mx\/blog\/?attachment_id=1837\" data-url=\"http:\/\/totalphysio.miphysio.mx\/blog\/wp-content\/uploads\/2020\/03\/461456-PFLYT5-68-scaled.jpg\" data-width=\"2560\" src=\"https:\/\/i1.wp.com\/totalphysio.mx\/blog\/wp-content\/uploads\/2020\/03\/461456-PFLYT5-68-scaled.jpg\"\/><\/figure><\/div><div class=\"tiled-gallery__col\"><figure class=\"tiled-gallery__item\"><img srcset=\"https:\/\/i0.wp.com\/totalphysio.mx\/blog\/wp-content\/uploads\/2020\/03\/11823-scaled.jpg?strip=info&#038;w=600 600w,https:\/\/i0.wp.com\/totalphysio.mx\/blog\/wp-content\/uploads\/2020\/03\/11823-scaled.jpg?strip=info&#038;w=900 900w,https:\/\/i0.wp.com\/totalphysio.mx\/blog\/wp-content\/uploads\/2020\/03\/11823-scaled.jpg?strip=info&#038;w=1200 1200w,https:\/\/i0.wp.com\/totalphysio.mx\/blog\/wp-content\/uploads\/2020\/03\/11823-scaled.jpg?strip=info&#038;w=1500 1500w,https:\/\/i0.wp.com\/totalphysio.mx\/blog\/wp-content\/uploads\/2020\/03\/11823-scaled.jpg?strip=info&#038;w=1707 1707w\" alt=\"\" data-height=\"1707\" data-id=\"1839\" data-link=\"http:\/\/totalphysio.miphysio.mx\/blog\/?attachment_id=1839\" data-url=\"http:\/\/totalphysio.miphysio.mx\/blog\/wp-content\/uploads\/2020\/03\/11823-scaled.jpg\" data-width=\"2560\" src=\"https:\/\/i0.wp.com\/totalphysio.mx\/blog\/wp-content\/uploads\/2020\/03\/11823-scaled.jpg\"\/><\/figure><\/div><\/div><\/div><\/div>\n\n\n\n<p><strong>Los s\u00edntomas de un EVC son los siguientes:<\/strong><\/p>\n\n\n\n<ul><li>Entumecimiento<\/li><li>Debilidad o par\u00e1lisis en la cara, brazo o pierna<\/li><li>Visi\u00f3n borrosa<\/li><li>Mareos<\/li><li>P\u00e9rdida de equilibrio<\/li><li>Dificultad para hablar o entender<\/li><li>Dolor de cabeza.<\/li><\/ul>\n\n\n\n<figure class=\"wp-block-image size-large is-resized\"><img loading=\"lazy\" src=\"http:\/\/totalphysio.miphysio.mx\/blog\/wp-content\/uploads\/2020\/03\/brain-3168269_1920-1024x617.png\" alt=\"\" class=\"wp-image-1824\" width=\"256\" height=\"154\" srcset=\"http:\/\/totalphysio.mx\/blog\/wp-content\/uploads\/2020\/03\/brain-3168269_1920-1024x617.png 1024w, http:\/\/totalphysio.mx\/blog\/wp-content\/uploads\/2020\/03\/brain-3168269_1920-300x181.png 300w, http:\/\/totalphysio.mx\/blog\/wp-content\/uploads\/2020\/03\/brain-3168269_1920-768x462.png 768w, http:\/\/totalphysio.mx\/blog\/wp-content\/uploads\/2020\/03\/brain-3168269_1920-1536x925.png 1536w, http:\/\/totalphysio.mx\/blog\/wp-content\/uploads\/2020\/03\/brain-3168269_1920.png 1920w\" sizes=\"(max-width: 256px) 100vw, 256px\" \/><\/figure>\n\n\n\n<p>Despu\u00e9s de sufrir alg\u00fan tipo de EVC quedan secuelas tanto motoras como sensoriales.<br><\/p>\n\n\n\n<p><strong><em>Secuelas motoras<\/em><\/strong>:<\/p>\n\n\n\n<ul><li>Dificultad para hacer movimientos voluntarios<\/li><li>Espasticidad<\/li><li>Sincinesias.<\/li><\/ul>\n\n\n\n<p><strong><em>Secuelas sensoriales<\/em><\/strong>:<\/p>\n\n\n\n<ul><li>Alteraci\u00f3n de la sensibilidad (tacto, dolor y temperatura).<\/li><\/ul>\n\n\n\n<p><strong><a href=\"http:\/\/totalphysio.miphysio.mx\/servicios\" target=\"_blank\" rel=\"noreferrer noopener\" aria-label=\"La Terapia F\u00edsica para EVC consiste en lo siguiente: (opens in a new tab)\">La Terapia F\u00edsica para EVC consiste en lo siguiente:<\/a><\/strong><\/p>\n\n\n\n<ul><li>Movilizaciones pasivas<\/li><li>Movilizaciones activas<\/li><li>Contracciones isom\u00e9tricas<\/li><li>Reeducaci\u00f3n de la marcha.<\/li><\/ul>\n\n\n\n<figure class=\"wp-block-gallery columns-2 is-cropped\"><ul class=\"blocks-gallery-grid\"><li class=\"blocks-gallery-item\"><figure><img loading=\"lazy\" width=\"800\" height=\"800\" src=\"http:\/\/totalphysio.miphysio.mx\/blog\/wp-content\/uploads\/2019\/12\/4.png\" alt=\"\" data-id=\"1668\" data-full-url=\"http:\/\/totalphysio.miphysio.mx\/blog\/wp-content\/uploads\/2019\/12\/4.png\" data-link=\"http:\/\/totalphysio.miphysio.mx\/blog\/2019\/12\/11\/en-que-consiste-la-fisioterapia-neurologica\/attachment\/4\/\" class=\"wp-image-1668\" srcset=\"http:\/\/totalphysio.mx\/blog\/wp-content\/uploads\/2019\/12\/4.png 800w, http:\/\/totalphysio.mx\/blog\/wp-content\/uploads\/2019\/12\/4-300x300.png 300w, http:\/\/totalphysio.mx\/blog\/wp-content\/uploads\/2019\/12\/4-150x150.png 150w, http:\/\/totalphysio.mx\/blog\/wp-content\/uploads\/2019\/12\/4-768x768.png 768w\" sizes=\"(max-width: 800px) 100vw, 800px\" \/><\/figure><\/li><li class=\"blocks-gallery-item\"><figure><img loading=\"lazy\" width=\"800\" height=\"800\" src=\"http:\/\/totalphysio.miphysio.mx\/blog\/wp-content\/uploads\/2019\/12\/3.png\" alt=\"\" data-id=\"1667\" data-full-url=\"http:\/\/totalphysio.miphysio.mx\/blog\/wp-content\/uploads\/2019\/12\/3.png\" data-link=\"http:\/\/totalphysio.miphysio.mx\/blog\/2019\/12\/11\/en-que-consiste-la-fisioterapia-neurologica\/attachment\/3\/\" class=\"wp-image-1667\" srcset=\"http:\/\/totalphysio.mx\/blog\/wp-content\/uploads\/2019\/12\/3.png 800w, http:\/\/totalphysio.mx\/blog\/wp-content\/uploads\/2019\/12\/3-300x300.png 300w, http:\/\/totalphysio.mx\/blog\/wp-content\/uploads\/2019\/12\/3-150x150.png 150w, http:\/\/totalphysio.mx\/blog\/wp-content\/uploads\/2019\/12\/3-768x768.png 768w\" sizes=\"(max-width: 800px) 100vw, 800px\" \/><\/figure><\/li><\/ul><\/figure>\n\n\n\n<h3>INFORMACI\u00d3N DE CONTACTO:<\/h3>\n\n\n\n<p>Laguna San Crist\u00f3bal 241, An\u00e1huac 2a Secc.<br>11320 Ciudad de M\u00e9xico, CDMX<\/p>\n\n\n\n<ul><li><a>55-7589-8447<\/a><\/li><li>&nbsp;<a>contacto@totalphysio.mx<\/a><\/li><\/ul>\n","protected":false},"excerpt":{"rendered":"<p>Es una alteraci\u00f3n Neurol\u00f3gica que no permite el paso de sangre al cerebro que se acompa\u00f1a con alteraciones cerebrales, teniendo secuelas a nivel motor. Existen 3 tipos de EVC: Tromb\u00f3tico: En este tipo de EVC el flujo de sangre de una arteria cerebral es bloqueada debido a un co\u00e1gulo que se forma dentro de la &hellip; <a href=\"http:\/\/totalphysio.mx\/blog\/2020\/03\/27\/que-es-un-evc-o-evento-cerebro-vascular\/\" class=\"more-link\">Contin\u00faa leyendo <span class=\"screen-reader-text\">\u00bfQu\u00e9 es un EVC o Evento Cerebro Vascular?<\/span><\/a><\/p>\n","protected":false},"author":1,"featured_media":1836,"comment_status":"open","ping_status":"open","sticky":false,"template":"","format":"standard","meta":{"spay_email":"","jetpack_publicize_message":"","jetpack_is_tweetstorm":false},"categories":[3],"tags":[291,289,292,288,290,121],"jetpack_featured_media_url":"http:\/\/totalphysio.mx\/blog\/wp-content\/uploads\/2020\/03\/Portada-Blog-TP-1-2-1.png","jetpack_publicize_connections":[],"jetpack_sharing_enabled":true,"_links":{"self":[{"href":"http:\/\/totalphysio.mx\/blog\/wp-json\/wp\/v2\/posts\/1821"}],"collection":[{"href":"http:\/\/totalphysio.mx\/blog\/wp-json\/wp\/v2\/posts"}],"about":[{"href":"http:\/\/totalphysio.mx\/blog\/wp-json\/wp\/v2\/types\/post"}],"author":[{"embeddable":true,"href":"http:\/\/totalphysio.mx\/blog\/wp-json\/wp\/v2\/users\/1"}],"replies":[{"embeddable":true,"href":"http:\/\/totalphysio.mx\/blog\/wp-json\/wp\/v2\/comments?post=1821"}],"version-history":[{"count":22,"href":"http:\/\/totalphysio.mx\/blog\/wp-json\/wp\/v2\/posts\/1821\/revisions"}],"predecessor-version":[{"id":1849,"href":"http:\/\/totalphysio.mx\/blog\/wp-json\/wp\/v2\/posts\/1821\/revisions\/1849"}],"wp:featuredmedia":[{"embeddable":true,"href":"http:\/\/totalphysio.mx\/blog\/wp-json\/wp\/v2\/media\/1836"}],"wp:attachment":[{"href":"http:\/\/totalphysio.mx\/blog\/wp-json\/wp\/v2\/media?parent=1821"}],"wp:term":[{"taxonomy":"category","embeddable":true,"href":"http:\/\/totalphysio.mx\/blog\/wp-json\/wp\/v2\/categories?post=1821"},{"taxonomy":"post_tag","embeddable":true,"href":"http:\/\/totalphysio.mx\/blog\/wp-json\/wp\/v2\/tags?post=1821"}],"curies":[{"name":"wp","href":"https:\/\/api.w.org\/{rel}","templated":true}]}}