{"id":1216,"date":"2019-06-07T12:50:31","date_gmt":"2019-06-07T18:50:31","guid":{"rendered":"http:\/\/totalphysio.mx\/blog\/?p=1216"},"modified":"2019-06-07T12:50:38","modified_gmt":"2019-06-07T18:50:38","slug":"codo-de-tenista-o-epicondilits","status":"publish","type":"post","link":"http:\/\/totalphysio.mx\/blog\/2019\/06\/07\/codo-de-tenista-o-epicondilits\/","title":{"rendered":"Codo de tenista o Epicondilits"},"content":{"rendered":"\n<p>El <a rel=\"noreferrer noopener\" aria-label=\"codo de tenista o epicondilitis (opens in a new tab)\" href=\"http:\/\/totalphysio.miphysio.mx\/\" target=\"_blank\">codo de tenista o epicondilitis<\/a> es una inflamaci\u00f3n del epic\u00f3ndilo derecho.<br><\/p>\n\n\n\n<p>El dolor es muy peculiar y se activa \u00a0cuando se realiza un movimiento que implique fuerza o peso, se presenta adormecimiento en las manos, cuando lleva la palma hacia arriba, al jalar un objeto.<\/p>\n\n\n\n<figure class=\"wp-block-image is-resized\"><img loading=\"lazy\" src=\"https:\/\/i0.wp.com\/totalphysio.mx\/blog\/wp-content\/uploads\/2019\/06\/tennis-245210_1920-1-1.jpg?fit=660%2C518\" alt=\"\" class=\"wp-image-1229\" width=\"330\" height=\"259\" srcset=\"http:\/\/totalphysio.mx\/blog\/wp-content\/uploads\/2019\/06\/tennis-245210_1920-1-1.jpg 1920w, http:\/\/totalphysio.mx\/blog\/wp-content\/uploads\/2019\/06\/tennis-245210_1920-1-1-300x236.jpg 300w, http:\/\/totalphysio.mx\/blog\/wp-content\/uploads\/2019\/06\/tennis-245210_1920-1-1-768x603.jpg 768w, http:\/\/totalphysio.mx\/blog\/wp-content\/uploads\/2019\/06\/tennis-245210_1920-1-1-1024x804.jpg 1024w\" sizes=\"(max-width: 330px) 100vw, 330px\" \/><\/figure>\n\n\n\n<p>Los atletas no son las \u00fanicas personas que pueden padecer codo de tenista. Muchas personas con codo de tenista participan en actividades laborales o recreativas que requieren el uso repetitivo y vigoroso del m\u00fasculo del antebrazo.<\/p>\n\n\n\n<figure class=\"wp-block-image is-resized\"><img loading=\"lazy\" src=\"https:\/\/i0.wp.com\/totalphysio.mx\/blog\/wp-content\/uploads\/2019\/06\/worker-694267_1920.jpg?fit=660%2C438\" alt=\"\" class=\"wp-image-1230\" width=\"330\" height=\"219\" srcset=\"http:\/\/totalphysio.mx\/blog\/wp-content\/uploads\/2019\/06\/worker-694267_1920.jpg 1920w, http:\/\/totalphysio.mx\/blog\/wp-content\/uploads\/2019\/06\/worker-694267_1920-300x199.jpg 300w, http:\/\/totalphysio.mx\/blog\/wp-content\/uploads\/2019\/06\/worker-694267_1920-768x510.jpg 768w, http:\/\/totalphysio.mx\/blog\/wp-content\/uploads\/2019\/06\/worker-694267_1920-1024x680.jpg 1024w\" sizes=\"(max-width: 330px) 100vw, 330px\" \/><\/figure>\n\n\n\n<p>Los pintores, plomeros y carpinteros son especialmente propensos a desarrollar codo de tenista. Los estudios han demostrado que los trabajadores automotrices, cocineros e incluso carniceros padecen codo de tenista con mayor frecuencia que el resto de la poblaci\u00f3n. Se cree que la repetici\u00f3n y levantamiento de peso necesarios en estas ocupaciones conlleva a las lesiones. As\u00ed como tambi\u00e9n una ca\u00edda. Los m\u00fasculos que se llegan afectar son los de antebrazo palmar mayor, supinador, sobre todo los m\u00fasculos de de origen que flexionan y extienden el codo.<\/p>\n\n\n\n<figure class=\"wp-block-image\"><img loading=\"lazy\" src=\"https:\/\/i1.wp.com\/totalphysio.mx\/blog\/wp-content\/uploads\/2019\/06\/body-2703409_1920.jpg?fit=660%2C461\" alt=\"\" class=\"wp-image-1232\" width=\"0\" height=\"0\" srcset=\"http:\/\/totalphysio.mx\/blog\/wp-content\/uploads\/2019\/06\/body-2703409_1920.jpg 1920w, http:\/\/totalphysio.mx\/blog\/wp-content\/uploads\/2019\/06\/body-2703409_1920-300x210.jpg 300w, http:\/\/totalphysio.mx\/blog\/wp-content\/uploads\/2019\/06\/body-2703409_1920-768x537.jpg 768w, http:\/\/totalphysio.mx\/blog\/wp-content\/uploads\/2019\/06\/body-2703409_1920-1024x716.jpg 1024w\" sizes=\"(max-width: 1920px) 100vw, 1920px\" \/><\/figure>\n\n\n\n<figure class=\"wp-block-image is-resized\"><img loading=\"lazy\" src=\"https:\/\/i2.wp.com\/totalphysio.mx\/blog\/wp-content\/uploads\/2019\/06\/body-2703409_1920-1.jpg?fit=660%2C461\" alt=\"\" class=\"wp-image-1234\" width=\"330\" height=\"231\" srcset=\"http:\/\/totalphysio.mx\/blog\/wp-content\/uploads\/2019\/06\/body-2703409_1920-1.jpg 1920w, http:\/\/totalphysio.mx\/blog\/wp-content\/uploads\/2019\/06\/body-2703409_1920-1-300x210.jpg 300w, http:\/\/totalphysio.mx\/blog\/wp-content\/uploads\/2019\/06\/body-2703409_1920-1-768x537.jpg 768w, http:\/\/totalphysio.mx\/blog\/wp-content\/uploads\/2019\/06\/body-2703409_1920-1-1024x716.jpg 1024w\" sizes=\"(max-width: 330px) 100vw, 330px\" \/><\/figure>\n\n\n\n<p><strong><em>Tratamiento de Rehabilitaci\u00f3n:<\/em><\/strong><\/p>\n\n\n\n<p>La duraci\u00f3n del <a href=\"http:\/\/totalphysio.miphysio.mx\/\" target=\"_blank\" rel=\"noreferrer noopener\" aria-label=\"tratamiento (opens in a new tab)\">tratamiento<\/a> depende de cada persona, tenemos que considerar si ha tenido lesiones anteriores o recientes. Cu\u00e1nto tiempo lleva con su lesi\u00f3n, tratamientos anteriores recibidos.<br><\/p>\n\n\n\n<p>Tambi\u00e9n se toma en cuenta si es cr\u00f3nico o agudo, se inicia tratamiento de fisioterapia de 4 semanas a 6 semanas si no hay mejor\u00eda se remite a una cirug\u00eda.<br><\/p>\n\n\n\n<figure class=\"wp-block-image is-resized\"><img loading=\"lazy\" src=\"https:\/\/i0.wp.com\/totalphysio.mx\/blog\/wp-content\/uploads\/2019\/06\/Depositphotos_95605066_original-1.jpg?fit=660%2C440\" alt=\"\" class=\"wp-image-1240\" width=\"330\" height=\"220\" srcset=\"http:\/\/totalphysio.mx\/blog\/wp-content\/uploads\/2019\/06\/Depositphotos_95605066_original-1.jpg 7300w, http:\/\/totalphysio.mx\/blog\/wp-content\/uploads\/2019\/06\/Depositphotos_95605066_original-1-300x200.jpg 300w, http:\/\/totalphysio.mx\/blog\/wp-content\/uploads\/2019\/06\/Depositphotos_95605066_original-1-768x512.jpg 768w, http:\/\/totalphysio.mx\/blog\/wp-content\/uploads\/2019\/06\/Depositphotos_95605066_original-1-1024x683.jpg 1024w\" sizes=\"(max-width: 330px) 100vw, 330px\" \/><\/figure>\n\n\n\n<p>Tiene dos vertientes el<strong> <\/strong><a rel=\"noreferrer noopener\" aria-label=\"tratamiento de la epicondilitis  (opens in a new tab)\" href=\"http:\/\/totalphysio.miphysio.mx\/servicios\/fisioterapia\" target=\"_blank\"><strong>tratamiento de la epicondilitis <\/strong><\/a>preventivo y resolutivo.<\/p>\n\n\n\n<p>En el tratamiento preventivo se le indica  la hidrataci\u00f3n en caso de deportistas pues al sudar los electrolitos se pierden y estos ayudan a que el  m\u00fasculo se contraiga  o expanda.<br><\/p>\n\n\n\n<p><strong>Tambi\u00e9n sobre higiene articular de miembro superior.<\/strong><br><\/p>\n\n\n\n<p>En un tratamiento resolutivo se requiere desinflamar y disminuir el dolor, mejorar los movimientos libres as\u00ed como con resistencia. El uso de <a rel=\"noreferrer noopener\" aria-label=\"ultrasonido desinflamatorio (opens in a new tab)\" href=\"http:\/\/totalphysio.miphysio.mx\/acerca-de-nosotros\" target=\"_blank\">ultrasonido desinflamatorio<\/a> y <a rel=\"noreferrer noopener\" aria-label=\"l\u00e1ser analg\u00e9sico (opens in a new tab)\" href=\"http:\/\/totalphysio.miphysio.mx\/acerca-de-nosotros\" target=\"_blank\">l\u00e1ser analg\u00e9sico<\/a>, tambi\u00e9n el vendaje neuromuscular conocido como tapping \u00a0con la finalidad de desinflamar tendones.<\/p>\n\n\n\n<figure class=\"wp-block-image is-resized\"><img loading=\"lazy\" src=\"http:\/\/totalphysio.miphysio.mx\/blog\/wp-content\/uploads\/2019\/06\/Captura-de-Pantalla-2019-06-07-a-las-13.27.51-1024x859.png\" alt=\"\" class=\"wp-image-1247\" width=\"512\" height=\"430\" srcset=\"http:\/\/totalphysio.mx\/blog\/wp-content\/uploads\/2019\/06\/Captura-de-Pantalla-2019-06-07-a-las-13.27.51-1024x859.png 1024w, http:\/\/totalphysio.mx\/blog\/wp-content\/uploads\/2019\/06\/Captura-de-Pantalla-2019-06-07-a-las-13.27.51-300x252.png 300w, http:\/\/totalphysio.mx\/blog\/wp-content\/uploads\/2019\/06\/Captura-de-Pantalla-2019-06-07-a-las-13.27.51-768x644.png 768w, http:\/\/totalphysio.mx\/blog\/wp-content\/uploads\/2019\/06\/Captura-de-Pantalla-2019-06-07-a-las-13.27.51.png 1758w\" sizes=\"(max-width: 512px) 100vw, 512px\" \/><\/figure>\n\n\n\n<p style=\"color:#1c1d1c\" class=\"has-text-color\"><strong><a rel=\"noreferrer noopener\" aria-label=\"Terapia f\u00edsica (opens in a new tab)\" href=\"http:\/\/totalphysio.miphysio.mx\/servicios\/fisioterapia\" target=\"_blank\">Terapia f\u00edsica<\/a><\/strong>\u00a0Los ejercicios espec\u00edficos son \u00fatiles para fortalecer los m\u00fasculos del antebrazo. Su <a rel=\"noreferrer noopener\" aria-label=\"terapeuta (opens in a new tab)\" href=\"http:\/\/totalphysio.miphysio.mx\/acerca-de-nosotros\" target=\"_blank\">terapeuta<\/a> tambi\u00e9n puede realizar un ultrasonido, dar masajes con hielo o usar t\u00e9cnicas que estimulan los m\u00fasculos para mejorar la cicatrizaci\u00f3n del m\u00fasculo.<\/p>\n\n\n\n<figure class=\"wp-block-image is-resized\"><img loading=\"lazy\" src=\"http:\/\/totalphysio.miphysio.mx\/blog\/wp-content\/uploads\/2019\/06\/Dise\u00f1o-sin-t\u00edtulo-14.png\" alt=\"\" class=\"wp-image-1242\" width=\"384\" height=\"384\" srcset=\"http:\/\/totalphysio.mx\/blog\/wp-content\/uploads\/2019\/06\/Dise\u00f1o-sin-t\u00edtulo-14.png 768w, http:\/\/totalphysio.mx\/blog\/wp-content\/uploads\/2019\/06\/Dise\u00f1o-sin-t\u00edtulo-14-150x150.png 150w, http:\/\/totalphysio.mx\/blog\/wp-content\/uploads\/2019\/06\/Dise\u00f1o-sin-t\u00edtulo-14-300x300.png 300w\" sizes=\"(max-width: 384px) 100vw, 384px\" \/><\/figure>\n\n\n\n<p style=\"color:#449e38\" class=\"has-text-color\">En <a rel=\"noreferrer noopener\" aria-label=\"TotalPhysio c (opens in a new tab)\" href=\"http:\/\/totalphysio.miphysio.mx\/contacto\" target=\"_blank\"><strong>TotalPhysio <\/strong>c<\/a>ontamos con equipos de alta calidad, para ayudar a nuestros pacientes a recuperarse de sus lesiones y a reincorporarse a sus actividades en el menor tiempo posible.<\/p>\n\n\n\n<figure class=\"wp-block-image is-resized\"><img loading=\"lazy\" src=\"http:\/\/totalphysio.miphysio.mx\/blog\/wp-content\/uploads\/2019\/05\/Copia-de-MARCA-DE-AGUA-3.png\" alt=\"\" class=\"wp-image-1195\" width=\"470\" height=\"394\" srcset=\"http:\/\/totalphysio.mx\/blog\/wp-content\/uploads\/2019\/05\/Copia-de-MARCA-DE-AGUA-3.png 940w, http:\/\/totalphysio.mx\/blog\/wp-content\/uploads\/2019\/05\/Copia-de-MARCA-DE-AGUA-3-300x251.png 300w, http:\/\/totalphysio.mx\/blog\/wp-content\/uploads\/2019\/05\/Copia-de-MARCA-DE-AGUA-3-768x644.png 768w\" sizes=\"(max-width: 470px) 100vw, 470px\" \/><\/figure>\n","protected":false},"excerpt":{"rendered":"<p>El codo de tenista o epicondilitis es una inflamaci\u00f3n del epic\u00f3ndilo derecho. El dolor es muy peculiar y se activa \u00a0cuando se realiza un movimiento que implique fuerza o peso, se presenta adormecimiento en las manos, cuando lleva la palma hacia arriba, al jalar un objeto. Los atletas no son las \u00fanicas personas que pueden &hellip; <a href=\"http:\/\/totalphysio.mx\/blog\/2019\/06\/07\/codo-de-tenista-o-epicondilits\/\" class=\"more-link\">Contin\u00faa leyendo <span class=\"screen-reader-text\">Codo de tenista o Epicondilits<\/span><\/a><\/p>\n","protected":false},"author":1,"featured_media":1222,"comment_status":"open","ping_status":"open","sticky":false,"template":"","format":"standard","meta":{"spay_email":"","jetpack_publicize_message":"","jetpack_is_tweetstorm":false},"categories":[18],"tags":[130,44,43,70,42,133,67,32,13,231,121],"jetpack_featured_media_url":"http:\/\/totalphysio.mx\/blog\/wp-content\/uploads\/2019\/06\/FREEMIUM-28.jpg","jetpack_publicize_connections":[],"jetpack_sharing_enabled":true,"_links":{"self":[{"href":"http:\/\/totalphysio.mx\/blog\/wp-json\/wp\/v2\/posts\/1216"}],"collection":[{"href":"http:\/\/totalphysio.mx\/blog\/wp-json\/wp\/v2\/posts"}],"about":[{"href":"http:\/\/totalphysio.mx\/blog\/wp-json\/wp\/v2\/types\/post"}],"author":[{"embeddable":true,"href":"http:\/\/totalphysio.mx\/blog\/wp-json\/wp\/v2\/users\/1"}],"replies":[{"embeddable":true,"href":"http:\/\/totalphysio.mx\/blog\/wp-json\/wp\/v2\/comments?post=1216"}],"version-history":[{"count":26,"href":"http:\/\/totalphysio.mx\/blog\/wp-json\/wp\/v2\/posts\/1216\/revisions"}],"predecessor-version":[{"id":1255,"href":"http:\/\/totalphysio.mx\/blog\/wp-json\/wp\/v2\/posts\/1216\/revisions\/1255"}],"wp:featuredmedia":[{"embeddable":true,"href":"http:\/\/totalphysio.mx\/blog\/wp-json\/wp\/v2\/media\/1222"}],"wp:attachment":[{"href":"http:\/\/totalphysio.mx\/blog\/wp-json\/wp\/v2\/media?parent=1216"}],"wp:term":[{"taxonomy":"category","embeddable":true,"href":"http:\/\/totalphysio.mx\/blog\/wp-json\/wp\/v2\/categories?post=1216"},{"taxonomy":"post_tag","embeddable":true,"href":"http:\/\/totalphysio.mx\/blog\/wp-json\/wp\/v2\/tags?post=1216"}],"curies":[{"name":"wp","href":"https:\/\/api.w.org\/{rel}","templated":true}]}}